{"id":7710,"date":"2019-12-11T12:54:52","date_gmt":"2019-12-11T11:54:52","guid":{"rendered":"http:\/\/zpaptorun.pl\/?p=7710"},"modified":"2019-12-11T12:54:52","modified_gmt":"2019-12-11T11:54:52","slug":"zapowiedz-najwazniejszych-wydarzen-centrum-rzezby-polskiej-w-2020-roku","status":"publish","type":"post","link":"https:\/\/zpaptorun.pl\/index.php\/2019\/12\/11\/zapowiedz-najwazniejszych-wydarzen-centrum-rzezby-polskiej-w-2020-roku\/","title":{"rendered":"Zapowied\u017a najwa\u017cniejszych wydarze\u0144 Centrum Rze\u017aby Polskiej w 2020 roku"},"content":{"rendered":"\n<p><strong><br>NAJWA\u017bNIEJSZE WYDARZENIA<\/strong><\/p>\n\n\n\n<p class=\"has-text-color has-background has-large-font-size has-sitebg-color has-accent-2-background-color\">Zapowied\u017a najwa\u017cniejszych wydarze\u0144 Centrum Rze\u017aby Polskiej w 2020 roku<\/p>\n\n\n\n<p><strong>Centrum Rze\u017aby Polskiej<\/strong><strong>&nbsp;<\/strong><strong>2020<\/strong><strong><br><\/strong><\/p>\n\n\n\n<p><strong>I.&nbsp;<\/strong><strong>W<\/strong><strong>ystaw<\/strong><strong>y<\/strong><\/p>\n\n\n\n<p class=\"has-text-color has-background has-sitebg-color has-sitetext-background-color\">1.&nbsp;<strong>W\u0142adys\u0142aw Hasior \/ Daniel Rycharski<\/strong><\/p>\n\n\n\n<p>G\u0142\u00f3wna wystawa letnia Centrum Rze\u017aby Polskiej<\/p>\n\n\n\n<p>Wystawa b\u0119dzie poszukiwa\u0142a wsp\u00f3lnego nerwu dla tw\u00f3rczo\u015bci dw\u00f3ch oryginalnych i bezkompromisowych artyst\u00f3w: W\u0142adys\u0142awa Hasiora, kt\u00f3ry wyprzedzi\u0142 swoje czasy i jak nikt inny potrafi\u0142 po\u0142\u0105czy\u0107 nowoczesno\u015b\u0107 z kiczem, absurd ze szlachetno\u015bci\u0105 i niezrozumienie z pe\u0142n\u0105 prawdy refleksj\u0105 oraz tw\u00f3rc\u0119 m\u0142odego pokolenia &#8211; Daniela Rycharskiego, kt\u00f3ry podobnie jak Hasior \u0142\u0105czy pozornie sprzeczne do\u015bwiadczenia i mierzy si\u0119 z wieloma spo\u0142ecznymi strachami i uprzedzeniami.Postawy obu tw\u00f3rc\u00f3w wi\u0105\u017ce ze sob\u0105 poszukiwanie alternatywy, obfite czerpanie z kod\u00f3w kultury popularnej i ludowej oraz nowatorski spos\u00f3b syntetyzowania rzeczywisto\u015bci w dziele. Rycharski podobnie jak Hasior \u015bwiat obiekt\u00f3w wyposa\u017ca w silny \u0142adunek emocji i prze\u017cy\u0107 egzystencjalnych poprzez wydobycie na plan pierwszy materialno\u015bci obiektu i jego historii, si\u0119ga do&nbsp;form znanych z wiejskiego pejza\u017cu \u2013 przydro\u017cnych krzy\u017cy, kapliczek, gra ze stereotypami o polskiej wsi.<\/p>\n\n\n\n<p>Wystawa obejmie dzie\u0142a u\u017cyczone z wybranych kolekcji muzealnych w Polsce: z&nbsp;Miejskiego O\u015brodka Sztuki w Gorzowie Wielkopolskim,&nbsp;Galerii Autorskiej W\u0142adys\u0142awa Hasiora w Muzeum Tatrza\u0144skim w Zakopanem, Muze\u00f3w Narodowych we Wroc\u0142awiu i Warszawie, Muzeum Sztuki w \u0141odzi, Muzeum Jacka Malczewskiego w Radomiu,&nbsp;Muzeum Okr\u0119gowego w Nowym S\u0105czu, Galerii Starmach w Krakowie oraz kolekcji prywatnych. Zaprezentujemy&nbsp;sztandary, kompozycje przestrzenne, rze\u017aby i asambla\u017ce Hasiora oraz obiekty Rycharskiego. Dope\u0142nieniem prezentacji b\u0119d\u0105 dokumenty zrealizowane przez Telewizj\u0119 Polsk\u0105 S.A. oraz Narodowy Instytut Audiowizualny przedstawiaj\u0105ce wybrane przedsi\u0119wzi\u0119cia artystyczne W\u0142adys\u0142awa Hasiora, najwa\u017cniejsze fakty biografii artysty oraz przybli\u017caj\u0105ce kontekst powstania wielu jego dzie\u0142.&nbsp;<\/p>\n\n\n\n<p>Wystawie b\u0119dzie towarzyszy\u0142a publikacja albumowa zawieraj\u0105ca materia\u0142 fotograficzny prac prezentowanych oraz teksty krytyczne.<\/p>\n\n\n\n<p class=\"has-text-color has-accent-2-color\">Czas: 20 czerwiec \u2013 11 pa\u017adziernika 2020<\/p>\n\n\n\n<p class=\"has-text-color has-background has-sitebg-color has-sitetext-background-color\">2.&nbsp;<strong>9 Triennale M\u0142odych<\/strong><\/p>\n\n\n\n<p>Triennale M\u0142odych w Oro\u0144sku od pocz\u0105tku istnienia skupia\u0142o si\u0119 na prezentacji najciekawszych tendencji w sztuce najm\u0142odszego pokolenia. Zgodnie z zamierzeniem mia\u0142o wyr\u00f3\u017cnia\u0107 si\u0119 na tle innych tego typu wydarze\u0144 swoj\u0105 otwart\u0105 formu\u0142\u0105. Przez ostatnie lata zmienia\u0142y si\u0119 metody wyboru artyst\u00f3w, jednak w znacznym stopniu opiera\u0142y si\u0119 na selekcji dokonywanej przez do\u015bwiadczonych kurator\u00f3w i krytyk\u00f3w.<\/p>\n\n\n\n<p>Uczestnicy dotychczasowych edycji triennale reprezentowali r\u00f3\u017cne tendencje pojawiaj\u0105ce si\u0119 w sztuce wsp\u00f3\u0142czesnej, punkty widzenia, metodologie pracy artystycznej oraz \u015brodowiska. Ich praktyka artystyczna i do\u015bwiadczenia sk\u0142adaj\u0105 si\u0119 na szerok\u0105 perspektyw\u0119, dzi\u0119ki kt\u00f3rej Triennale M\u0142odych ujawnia aktualne problemy trudne do uchwycenia w scentralizowanym obiegu sztuki.<\/p>\n\n\n\n<p class=\"has-text-color has-background has-accent-2-color has-sitebg-background-color\">Czas:18 kwiecie\u0144 \u2013 31 maja 2020\u200b<\/p>\n\n\n\n<p class=\"has-text-color has-background has-sitebg-color has-sitetext-background-color\">3. <strong>Peter Johansson<\/strong><\/p>\n\n\n\n<p>Wystawa\u00a0<strong>Petera Johanssona<\/strong>, jednego z najbardziej znanych szwedzkich artyst\u00f3w, wywodz\u0105cego si\u0119 ze \u015brodkowej cz\u0119\u015bci kraju, regionu Dalarny, uznawanej za serce tradycyjnej Szwecji. Johansson tworzy w r\u00f3\u017cnych technikach i mediach: od obiekt\u00f3w, rze\u017ab i instalacji do multimedi\u00f3w i sztuki w przestrzeni publicznej. Artysta od 30 lat zajmuje si\u0119 nieco przewrotnym badaniem szwedzko\u015bci, pokazuj\u0105c blaski i cienie turystycznych schemat\u00f3w narodowego romantyzmu i autoironiczne komentarze. Johansson mia\u0142 kilkadziesi\u0105t wystaw w Szwecji i Europie; wsp\u00f3\u0142pracuje z teatraln\u0105 scenografk\u0105 Barbro Westling. Zrealizowa\u0142 ponad 30 realizacji w przestrzeni publicznej i w parkach rze\u017aby.\u00a0<br>Wystawa Johanssona b\u0119dzie organizowana we wsp\u00f3\u0142pracy z Instytutem Szwedzkim w Pary\u017cu i IASPIS w Szwecji.<\/p>\n\n\n\n<p class=\"has-text-color has-accent-2-color\">\u200bCzas:\u00a018\u00a0kwiecie\u0144 \u2013 26 lipiec 2020<\/p>\n\n\n\n<p><strong>II<\/strong><strong>.&nbsp;<\/strong><strong>Wydarzenia<\/strong><\/p>\n\n\n\n<p class=\"has-text-color has-background has-sitebg-color has-sitetext-background-color\"><strong>Mi\u0119dzynarodowa Konferencja Rze\u017aba dzisiaj V\u00a0&#8211;\u00a0Rze\u017aba wirtualna<\/strong><\/p>\n\n\n\n<p>Seminaria \u201eRze\u017aba&nbsp;Dzisiaj\u201d organizowane s\u0105 nieprzerwanie od 2016 roku. W 2020 r. zaplanowali\u015bmy 5 edycj\u0119 konferencji, tym razem po\u015bwi\u0119conej zagadnieniom rze\u017aby wirtualnej i d\u017awi\u0119kowej.&nbsp;Konferencja<strong>&nbsp;<\/strong>towarzyszy wystawom letniego i jesiennego sezonu i b\u0119dzie przedstawia\u0107 szczeg\u00f3lny aspekt dotycz\u0105cy powy\u017cszego tematu, zw\u0142aszcza praktyki sztuki w przestrzeni publicznej. Wyniki konferencji zostan\u0105 opublikowane w materia\u0142ach pokonferencyjnych w 2021 roku.<\/p>\n\n\n\n<p class=\"has-text-color has-background has-accent-2-color has-sitebg-background-color\">Czas: listopad 2020<\/p>\n\n\n\n<figure class=\"wp-block-image\"><img decoding=\"async\" loading=\"lazy\" width=\"1333\" height=\"2000\" src=\"https:\/\/zpaptorun.pl\/wp-content\/uploads\/2019\/12\/75BD9A91-C88F-4672-9955-535F12A884EB-1333x2000.jpeg\" alt=\"\" class=\"wp-image-7711\" srcset=\"https:\/\/zpaptorun.pl\/wp-content\/uploads\/2019\/12\/75BD9A91-C88F-4672-9955-535F12A884EB-1333x2000.jpeg 1333w, https:\/\/zpaptorun.pl\/wp-content\/uploads\/2019\/12\/75BD9A91-C88F-4672-9955-535F12A884EB-200x300.jpeg 200w, https:\/\/zpaptorun.pl\/wp-content\/uploads\/2019\/12\/75BD9A91-C88F-4672-9955-535F12A884EB-768x1152.jpeg 768w, https:\/\/zpaptorun.pl\/wp-content\/uploads\/2019\/12\/75BD9A91-C88F-4672-9955-535F12A884EB-260x390.jpeg 260w, https:\/\/zpaptorun.pl\/wp-content\/uploads\/2019\/12\/75BD9A91-C88F-4672-9955-535F12A884EB-1320x1981.jpeg 1320w, https:\/\/zpaptorun.pl\/wp-content\/uploads\/2019\/12\/75BD9A91-C88F-4672-9955-535F12A884EB.jpeg 1632w\" sizes=\"(max-width: 1333px) 100vw, 1333px\" \/><\/figure>\n\n\n\n<figure class=\"wp-block-image\"><img decoding=\"async\" loading=\"lazy\" width=\"2000\" height=\"1333\" src=\"https:\/\/zpaptorun.pl\/wp-content\/uploads\/2019\/12\/C88B0ADC-3B52-4064-8ADF-B952B32D211D-2000x1333.jpeg\" alt=\"\" class=\"wp-image-7712\" srcset=\"https:\/\/zpaptorun.pl\/wp-content\/uploads\/2019\/12\/C88B0ADC-3B52-4064-8ADF-B952B32D211D-2000x1333.jpeg 2000w, https:\/\/zpaptorun.pl\/wp-content\/uploads\/2019\/12\/C88B0ADC-3B52-4064-8ADF-B952B32D211D-300x200.jpeg 300w, https:\/\/zpaptorun.pl\/wp-content\/uploads\/2019\/12\/C88B0ADC-3B52-4064-8ADF-B952B32D211D-768x512.jpeg 768w, https:\/\/zpaptorun.pl\/wp-content\/uploads\/2019\/12\/C88B0ADC-3B52-4064-8ADF-B952B32D211D-585x390.jpeg 585w, https:\/\/zpaptorun.pl\/wp-content\/uploads\/2019\/12\/C88B0ADC-3B52-4064-8ADF-B952B32D211D-1320x880.jpeg 1320w\" sizes=\"(max-width: 2000px) 100vw, 2000px\" \/><\/figure>\n","protected":false},"excerpt":{"rendered":"<p>NAJWA\u017bNIEJSZE WYDARZENIA Zapowied\u017a najwa\u017cniejszych wydarze\u0144 Centrum Rze\u017aby Polskiej w 2020 roku Centrum Rze\u017aby Polskiej&nbsp;2020 I.&nbsp;Wystawy 1.&nbsp;W\u0142adys\u0142aw Hasior \/ Daniel Rycharski G\u0142\u00f3wna wystawa letnia Centrum Rze\u017aby Polskiej Wystawa b\u0119dzie poszukiwa\u0142a wsp\u00f3lnego nerwu dla tw\u00f3rczo\u015bci dw\u00f3ch oryginalnych i bezkompromisowych artyst\u00f3w: W\u0142adys\u0142awa Hasiora, kt\u00f3ry wyprzedzi\u0142 swoje czasy i jak nikt inny potrafi\u0142 po\u0142\u0105czy\u0107 &hellip;<\/p>\n","protected":false},"author":1,"featured_media":7712,"comment_status":"closed","ping_status":"closed","sticky":false,"template":"","format":"standard","meta":{"ngg_post_thumbnail":0},"categories":[2],"tags":[],"_links":{"self":[{"href":"https:\/\/zpaptorun.pl\/index.php\/wp-json\/wp\/v2\/posts\/7710"}],"collection":[{"href":"https:\/\/zpaptorun.pl\/index.php\/wp-json\/wp\/v2\/posts"}],"about":[{"href":"https:\/\/zpaptorun.pl\/index.php\/wp-json\/wp\/v2\/types\/post"}],"author":[{"embeddable":true,"href":"https:\/\/zpaptorun.pl\/index.php\/wp-json\/wp\/v2\/users\/1"}],"replies":[{"embeddable":true,"href":"https:\/\/zpaptorun.pl\/index.php\/wp-json\/wp\/v2\/comments?post=7710"}],"version-history":[{"count":1,"href":"https:\/\/zpaptorun.pl\/index.php\/wp-json\/wp\/v2\/posts\/7710\/revisions"}],"predecessor-version":[{"id":7713,"href":"https:\/\/zpaptorun.pl\/index.php\/wp-json\/wp\/v2\/posts\/7710\/revisions\/7713"}],"wp:featuredmedia":[{"embeddable":true,"href":"https:\/\/zpaptorun.pl\/index.php\/wp-json\/wp\/v2\/media\/7712"}],"wp:attachment":[{"href":"https:\/\/zpaptorun.pl\/index.php\/wp-json\/wp\/v2\/media?parent=7710"}],"wp:term":[{"taxonomy":"category","embeddable":true,"href":"https:\/\/zpaptorun.pl\/index.php\/wp-json\/wp\/v2\/categories?post=7710"},{"taxonomy":"post_tag","embeddable":true,"href":"https:\/\/zpaptorun.pl\/index.php\/wp-json\/wp\/v2\/tags?post=7710"}],"curies":[{"name":"wp","href":"https:\/\/api.w.org\/{rel}","templated":true}]}}