{"id":7589,"date":"2019-12-01T12:08:24","date_gmt":"2019-12-01T11:08:24","guid":{"rendered":"http:\/\/zpaptorun.pl\/?p=7589"},"modified":"2019-12-01T12:08:24","modified_gmt":"2019-12-01T11:08:24","slug":"czas-ruch-przestrzen-zaproszenie-na-wernisaz","status":"publish","type":"post","link":"https:\/\/zpaptorun.pl\/index.php\/2019\/12\/01\/czas-ruch-przestrzen-zaproszenie-na-wernisaz\/","title":{"rendered":"CZAS-RUCH-PRZESTRZE\u0143 &#8211; zaproszenie na wernisa\u017c"},"content":{"rendered":"\n<p style=\"font-size:28px\" class=\"has-text-color has-background has-sitebg-color has-accent-2-background-color\"><strong>CZAS-RUCH-PRZESTRZE\u0143<\/strong> &#8211; Zaproszenie na wernisa\u017c<\/p>\n\n\n\n<p>Zapraszamy na wernisa\u017c og\u00f3lnopolskiej wystawy pokonkursowej CZAS-RUCH-PRZESTRZE\u0143, podczas kt\u00f3rego poznamy laureat\u00f3w konkursu. Otwarcie wystawy nast\u0105pi <strong>6 grudnia 2019 roku w Akademickiej Przestrzeni Sztuki \u2013 Galerii na Wydziale Matematyki i Informatyki UMK w Toruniu przy\u00a0<\/strong><a href=\"https:\/\/www.google.com\/maps\/search\/ul.+Fryderyka+Chopina+12%2F18?entry=gmail&amp;source=g\"><strong>ul. Fryderyka Chopina 12\/18<\/strong><\/a><strong>.<\/strong><br><\/p>\n\n\n\n<p>UCZESTNICY WYSTAWY :<\/p>\n\n\n\n<p class=\"has-text-color has-background has-sitebg-color has-accent-2-background-color\"><strong>Agnieszka Gogola, Aleksander Ostrowski, Aleksandra Dzido, Aleksiej Cecocho, Andrzej Ru\u0142ka, Angelika Zajdlic, Anna Wi\u015bniewska, Bartosz Jask\u00f3\u0142a, Dagmara Mikler, Daria Wollman, Dariusz M\u0142ynarczyk, Dorota Ku\u017aniarska, Grzegorz Bugaj, Julia Deptu\u0142a, Justyna Lipka, Justyna Pikulska, Kamil Emanuel Klonowski, Karolina Cygnar, Katarzyna Rumi\u0144ska, Krzysztof Ku\u0142acz Karpi\u0144ski, Laura Jerzak, Magdalena Chomiak, Marcin Posi\u0142a, Maria Roczniewska, Mariusz Da\u0144ski, Mateusz Otr\u0119ba, Piotr B\u0105k, Piotr Ma\u0144czak, Sebastian Trzoska, Serhii Hrychaniuk, Stanis\u0142aw Cholewa, Szymon W\u0119gorzewski, Zbigniew Blekiewicz.<\/strong><\/p>\n\n\n\n<p class=\"has-text-color has-background has-sitebg-color has-sitetext-background-color\">JURY KONKURSU:<br>Ewa Bi\u0144czyk, Katarzyna Wendland, Alicja Wieczorek<\/p>\n\n\n\n<p>KURATORKI :<br>Katarzyna Wendland, Alicja Wieczorek<\/p>\n\n\n\n<p>ORGANIZATOR :<\/p>\n\n\n\n<p><strong>Fundacja Pinata<\/strong> <br><a href=\"http:\/\/www.pinatagroup.com\/\">www.pinatagrup.com<\/a><\/p>\n\n\n\n<p class=\"has-text-color has-background has-sitebg-color has-accent-2-background-color\">Wydarzenie zosta\u0142o obj\u0119te Honorowym Patronatem Marsza\u0142ka Wojew\u00f3dztwa Kujawsko-Pomorskiego Piotra Ca\u0142beckiego i dofinansowane z bud\u017cetu Wojew\u00f3dztwa Kujawsko-Pomorskiego.<\/p>\n\n\n\n<p class=\"has-text-color has-background has-sitebg-color has-sitetext-background-color\">G\u0142\u00f3wnym Partnerem wydarzenia jest Stworzenie Autor\u00f3w ZAIKS.<\/p>\n\n\n\n<figure class=\"wp-block-image\"><img decoding=\"async\" src=\"https:\/\/ci6.googleusercontent.com\/proxy\/x7Az90uC0FlqG1NQNJvbQl7YtYRlnWzoqu2O_ZLb9xIKhYpJarh3aZrZ_qlU6_VKMQpRwI5_nDi9FsJOqf0XSQHw_6yv1VK7rhIBScGS2g=s0-d-e1-ft#https:\/\/ssl.gstatic.com\/ui\/v1\/icons\/mail\/images\/cleardot.gif\" alt=\"\"\/><\/figure>\n\n\n\n<figure class=\"wp-block-image\"><img decoding=\"async\" loading=\"lazy\" width=\"1404\" height=\"2000\" src=\"https:\/\/zpaptorun.pl\/wp-content\/uploads\/2019\/12\/0E95C87F-AFBD-460A-9962-166ED4168687-1404x2000.jpeg\" alt=\"\" class=\"wp-image-7590\" srcset=\"https:\/\/zpaptorun.pl\/wp-content\/uploads\/2019\/12\/0E95C87F-AFBD-460A-9962-166ED4168687.jpeg 1404w, https:\/\/zpaptorun.pl\/wp-content\/uploads\/2019\/12\/0E95C87F-AFBD-460A-9962-166ED4168687-211x300.jpeg 211w, https:\/\/zpaptorun.pl\/wp-content\/uploads\/2019\/12\/0E95C87F-AFBD-460A-9962-166ED4168687-768x1094.jpeg 768w, https:\/\/zpaptorun.pl\/wp-content\/uploads\/2019\/12\/0E95C87F-AFBD-460A-9962-166ED4168687-274x390.jpeg 274w, https:\/\/zpaptorun.pl\/wp-content\/uploads\/2019\/12\/0E95C87F-AFBD-460A-9962-166ED4168687-1320x1880.jpeg 1320w\" sizes=\"(max-width: 1404px) 100vw, 1404px\" \/><\/figure>\n","protected":false},"excerpt":{"rendered":"<p>CZAS-RUCH-PRZESTRZE\u0143 &#8211; Zaproszenie na wernisa\u017c Zapraszamy na wernisa\u017c og\u00f3lnopolskiej wystawy pokonkursowej CZAS-RUCH-PRZESTRZE\u0143, podczas kt\u00f3rego poznamy laureat\u00f3w konkursu. Otwarcie wystawy nast\u0105pi 6 grudnia 2019 roku w Akademickiej Przestrzeni Sztuki \u2013 Galerii na Wydziale Matematyki i Informatyki UMK w Toruniu przy\u00a0ul. Fryderyka Chopina 12\/18. UCZESTNICY WYSTAWY : Agnieszka Gogola, Aleksander Ostrowski, Aleksandra &hellip;<\/p>\n","protected":false},"author":1,"featured_media":7590,"comment_status":"closed","ping_status":"closed","sticky":false,"template":"","format":"standard","meta":{"ngg_post_thumbnail":0},"categories":[2,16],"tags":[],"_links":{"self":[{"href":"https:\/\/zpaptorun.pl\/index.php\/wp-json\/wp\/v2\/posts\/7589"}],"collection":[{"href":"https:\/\/zpaptorun.pl\/index.php\/wp-json\/wp\/v2\/posts"}],"about":[{"href":"https:\/\/zpaptorun.pl\/index.php\/wp-json\/wp\/v2\/types\/post"}],"author":[{"embeddable":true,"href":"https:\/\/zpaptorun.pl\/index.php\/wp-json\/wp\/v2\/users\/1"}],"replies":[{"embeddable":true,"href":"https:\/\/zpaptorun.pl\/index.php\/wp-json\/wp\/v2\/comments?post=7589"}],"version-history":[{"count":1,"href":"https:\/\/zpaptorun.pl\/index.php\/wp-json\/wp\/v2\/posts\/7589\/revisions"}],"predecessor-version":[{"id":7591,"href":"https:\/\/zpaptorun.pl\/index.php\/wp-json\/wp\/v2\/posts\/7589\/revisions\/7591"}],"wp:featuredmedia":[{"embeddable":true,"href":"https:\/\/zpaptorun.pl\/index.php\/wp-json\/wp\/v2\/media\/7590"}],"wp:attachment":[{"href":"https:\/\/zpaptorun.pl\/index.php\/wp-json\/wp\/v2\/media?parent=7589"}],"wp:term":[{"taxonomy":"category","embeddable":true,"href":"https:\/\/zpaptorun.pl\/index.php\/wp-json\/wp\/v2\/categories?post=7589"},{"taxonomy":"post_tag","embeddable":true,"href":"https:\/\/zpaptorun.pl\/index.php\/wp-json\/wp\/v2\/tags?post=7589"}],"curies":[{"name":"wp","href":"https:\/\/api.w.org\/{rel}","templated":true}]}}