{"id":7408,"date":"2019-11-12T15:04:02","date_gmt":"2019-11-12T14:04:02","guid":{"rendered":"http:\/\/zpaptorun.pl\/?p=7408"},"modified":"2019-11-16T14:27:41","modified_gmt":"2019-11-16T13:27:41","slug":"z-przykroscia-informujemy-o-smierci-naszego-kolegi-andrzeja-stypulkowskiego","status":"publish","type":"post","link":"https:\/\/zpaptorun.pl\/index.php\/2019\/11\/12\/z-przykroscia-informujemy-o-smierci-naszego-kolegi-andrzeja-stypulkowskiego\/","title":{"rendered":"Z przykro\u015bci\u0105 informujemy o \u015bmierci naszego kolegi Andrzeja Stypu\u0142kowskiego."},"content":{"rendered":"\n<p style=\"font-size:21px\" class=\"has-text-color has-background has-sitebg-color has-sitetext-background-color\">Z przykro\u015bci\u0105 informujemy o \u015bmierci naszego kolegi Andrzeja Stypu\u0142kowskiego.<\/p>\n\n\n\n<p>Z przykro\u015bci\u0105 informujemy o \u015bmierci naszego kolegi Andrzeja Stypu\u0142kowskiego. <br>Msza \u015awi\u0119ta odb\u0119dzie si\u0119 w pi\u0105tek (15.XI) w Ko\u015bciele w Parafii Matki Bo\u017cej Cz\u0119stochowskiej i \u015bw. Wac\u0142awa w Lubiczu G\u00f3rnym o godzinie 13. Uroczysto\u015bci pogrzebowe na cmentarzu w Toruniu, na ulicy Wybickiego.<br><br><\/p>\n\n\n\n<figure class=\"wp-block-image\"><img decoding=\"async\" loading=\"lazy\" width=\"2000\" height=\"1446\" src=\"https:\/\/zpaptorun.pl\/wp-content\/uploads\/2019\/11\/stypulkowski-2000x1446.jpg\" alt=\"\" class=\"wp-image-7409\" srcset=\"https:\/\/zpaptorun.pl\/wp-content\/uploads\/2019\/11\/stypulkowski-2000x1446.jpg 2000w, https:\/\/zpaptorun.pl\/wp-content\/uploads\/2019\/11\/stypulkowski-300x217.jpg 300w, https:\/\/zpaptorun.pl\/wp-content\/uploads\/2019\/11\/stypulkowski-768x555.jpg 768w, https:\/\/zpaptorun.pl\/wp-content\/uploads\/2019\/11\/stypulkowski-540x390.jpg 540w, https:\/\/zpaptorun.pl\/wp-content\/uploads\/2019\/11\/stypulkowski-1320x954.jpg 1320w\" sizes=\"(max-width: 2000px) 100vw, 2000px\" \/><\/figure>\n\n\n\n<figure class=\"wp-block-image\"><img decoding=\"async\" loading=\"lazy\" width=\"315\" height=\"559\" src=\"https:\/\/zpaptorun.pl\/wp-content\/uploads\/2019\/11\/IMG_0042-kopia.jpg\" alt=\"\" class=\"wp-image-7411\" srcset=\"https:\/\/zpaptorun.pl\/wp-content\/uploads\/2019\/11\/IMG_0042-kopia.jpg 315w, https:\/\/zpaptorun.pl\/wp-content\/uploads\/2019\/11\/IMG_0042-kopia-169x300.jpg 169w, https:\/\/zpaptorun.pl\/wp-content\/uploads\/2019\/11\/IMG_0042-kopia-220x390.jpg 220w\" sizes=\"(max-width: 315px) 100vw, 315px\" \/><\/figure>\n","protected":false},"excerpt":{"rendered":"<p>Z przykro\u015bci\u0105 informujemy o \u015bmierci naszego kolegi Andrzeja Stypu\u0142kowskiego. Z przykro\u015bci\u0105 informujemy o \u015bmierci naszego kolegi Andrzeja Stypu\u0142kowskiego. Msza \u015awi\u0119ta odb\u0119dzie si\u0119 w pi\u0105tek (15.XI) w Ko\u015bciele w Parafii Matki Bo\u017cej Cz\u0119stochowskiej i \u015bw. Wac\u0142awa w Lubiczu G\u00f3rnym o godzinie 13. Uroczysto\u015bci pogrzebowe na cmentarzu w Toruniu, na ulicy Wybickiego.<\/p>\n","protected":false},"author":1,"featured_media":7411,"comment_status":"closed","ping_status":"closed","sticky":false,"template":"","format":"standard","meta":{"ngg_post_thumbnail":0},"categories":[1],"tags":[],"_links":{"self":[{"href":"https:\/\/zpaptorun.pl\/index.php\/wp-json\/wp\/v2\/posts\/7408"}],"collection":[{"href":"https:\/\/zpaptorun.pl\/index.php\/wp-json\/wp\/v2\/posts"}],"about":[{"href":"https:\/\/zpaptorun.pl\/index.php\/wp-json\/wp\/v2\/types\/post"}],"author":[{"embeddable":true,"href":"https:\/\/zpaptorun.pl\/index.php\/wp-json\/wp\/v2\/users\/1"}],"replies":[{"embeddable":true,"href":"https:\/\/zpaptorun.pl\/index.php\/wp-json\/wp\/v2\/comments?post=7408"}],"version-history":[{"count":2,"href":"https:\/\/zpaptorun.pl\/index.php\/wp-json\/wp\/v2\/posts\/7408\/revisions"}],"predecessor-version":[{"id":7412,"href":"https:\/\/zpaptorun.pl\/index.php\/wp-json\/wp\/v2\/posts\/7408\/revisions\/7412"}],"wp:featuredmedia":[{"embeddable":true,"href":"https:\/\/zpaptorun.pl\/index.php\/wp-json\/wp\/v2\/media\/7411"}],"wp:attachment":[{"href":"https:\/\/zpaptorun.pl\/index.php\/wp-json\/wp\/v2\/media?parent=7408"}],"wp:term":[{"taxonomy":"category","embeddable":true,"href":"https:\/\/zpaptorun.pl\/index.php\/wp-json\/wp\/v2\/categories?post=7408"},{"taxonomy":"post_tag","embeddable":true,"href":"https:\/\/zpaptorun.pl\/index.php\/wp-json\/wp\/v2\/tags?post=7408"}],"curies":[{"name":"wp","href":"https:\/\/api.w.org\/{rel}","templated":true}]}}